{"id":420,"date":"2008-06-05T16:45:27","date_gmt":"2008-06-05T14:45:27","guid":{"rendered":"http:\/\/www.mapaki.at\/?p=420"},"modified":"2019-11-21T18:14:48","modified_gmt":"2019-11-21T17:14:48","slug":"mapaki-strassenfest-2008","status":"publish","type":"post","link":"https:\/\/www.mapaki.at\/es\/2008\/06\/05\/mapaki-strassenfest-2008\/","title":{"rendered":"MaPaKi Stra\u00dfenfest 2008"},"content":{"rendered":"<p>Beim diesj\u00e4hrigen Benefiz-Stra\u00dfenfest-Fr\u00fchschschoppen zugunsten von Maya Paya Kimsa ist auch der Gr\u00fcnder der Initiative, Martin Berndorfer wieder zu Gast. Diesmal ist erstmals auch der Leiter der Initiative, Juan Pablo Castro aus Bolivien, mit auf Besuch in \u00d6sterreich und wird sich bei der Veranstaltung vorstellen.<\/p>\n<p>Das Stra\u00dfenfest findet am 15. Juni 2008 ab 9:00 am Marktplatz Haslach (bei Schlechtwetter im Pfarrzentrum) statt.<\/p>\n<p>Es gibt wieder ein umfangreiches Programm:<\/p>\n<ul>\n<li>9:30 Hl. Messe: Der Chor \u201cQuerklang\u201d aus Ansfelden singt eine \u201cMisa campesina\u201d in der Pfarrkirche<\/li>\n<li>ab 9:00 Fr\u00fchschoppen<\/li>\n<li>Unterhaltungsprogramm mit Chor-i-feen, Fred Feuerschein und Theater Leela<\/li>\n<li>Kinderprogramm mit H\u00fcpfburg Informationsstand<\/li>\n<li>Tombola<\/li>\n<li>Kaffee- und Kuchenbuffet<\/li>\n<li>bolivianische &amp; \u00f6sterreichische K\u00fcche<\/li>\n<\/ul>\n<p>ngg_shortcode_0_placeholder<!--more-->Wir danken herzlich den K\u00fcnstlern, Helfern, Sponsoren und allen anderen die diese Benefizveranstaltung erst m\u00f6glich machen:<\/p>\n<p>Die Mitglieder des &#8220;Querklang Ansfelden&#8221; und der Chor-i-feen<br \/>\nFred Feuerschein und Christoph Priesner(Theater Leela)<br \/>\nDas Kuchenbuffet-Team und allen Kuchenspendern<br \/>\nDas Catering-Team unter der Leitung von Rudi<br \/>\nDas Getr\u00e4nke-Team und die Kellner\/innen<br \/>\nPfarre Haslach und Pfarrer Gerhard Kobler<br \/>\nBrauerei Schl\u00e4gl<br \/>\nSauerkrenns H\u00fcpfburgverleih<br \/>\nNah und Frisch Gierlinger<br \/>\nB\u00fcrgergarde Haslach<br \/>\nGemeinde Haslach<br \/>\nDorfgemeinschaft Hartmannsdorf<br \/>\nDorfgemeinschaft Kasten<br \/>\nGasthaus Gr\u00fcnling<br \/>\nTechnische Fachschulen Haslach<br \/>\nElfriede Brabec<\/p>\n","protected":false},"excerpt":{"rendered":"<p>Beim diesj\u00e4hrigen Benefiz-Stra\u00dfenfest-Fr\u00fchschschoppen zugunsten von Maya Paya Kimsa ist auch der Gr\u00fcnder der Initiative, Martin Berndorfer wieder zu Gast. Diesmal ist erstmals auch der Leiter der Initiative, Juan Pablo Castro aus Bolivien, mit auf Besuch in \u00d6sterreich und wird sich bei der Veranstaltung vorstellen. Das Stra\u00dfenfest findet am 15. Juni 2008 ab 9:00 am Marktplatz [&hellip;]<\/p>\n","protected":false},"author":2,"featured_media":0,"comment_status":"closed","ping_status":"open","sticky":false,"template":"","format":"standard","meta":{"ngg_post_thumbnail":0,"footnotes":""},"categories":[1],"tags":[],"class_list":["post-420","post","type-post","status-publish","format-standard","hentry","category-allgemein"],"translation":{"provider":"WPGlobus","version":"3.0.2","language":"es","enabled_languages":["de","es"],"languages":{"de":{"title":true,"content":true,"excerpt":false},"es":{"title":false,"content":false,"excerpt":false}}},"_links":{"self":[{"href":"https:\/\/www.mapaki.at\/es\/wp-json\/wp\/v2\/posts\/420","targetHints":{"allow":["GET"]}}],"collection":[{"href":"https:\/\/www.mapaki.at\/es\/wp-json\/wp\/v2\/posts"}],"about":[{"href":"https:\/\/www.mapaki.at\/es\/wp-json\/wp\/v2\/types\/post"}],"author":[{"embeddable":true,"href":"https:\/\/www.mapaki.at\/es\/wp-json\/wp\/v2\/users\/2"}],"replies":[{"embeddable":true,"href":"https:\/\/www.mapaki.at\/es\/wp-json\/wp\/v2\/comments?post=420"}],"version-history":[{"count":6,"href":"https:\/\/www.mapaki.at\/es\/wp-json\/wp\/v2\/posts\/420\/revisions"}],"predecessor-version":[{"id":971,"href":"https:\/\/www.mapaki.at\/es\/wp-json\/wp\/v2\/posts\/420\/revisions\/971"}],"wp:attachment":[{"href":"https:\/\/www.mapaki.at\/es\/wp-json\/wp\/v2\/media?parent=420"}],"wp:term":[{"taxonomy":"category","embeddable":true,"href":"https:\/\/www.mapaki.at\/es\/wp-json\/wp\/v2\/categories?post=420"},{"taxonomy":"post_tag","embeddable":true,"href":"https:\/\/www.mapaki.at\/es\/wp-json\/wp\/v2\/tags?post=420"}],"curies":[{"name":"wp","href":"https:\/\/api.w.org\/{rel}","templated":true}]}}