{"id":3420,"date":"2023-01-23T22:22:52","date_gmt":"2023-01-23T21:22:52","guid":{"rendered":"https:\/\/www.mapaki.at\/?p=3420"},"modified":"2023-06-05T20:42:18","modified_gmt":"2023-06-05T18:42:18","slug":"20-jahre-maya-paya-kimsa-und-mapaki-fruehschoppen","status":"publish","type":"post","link":"https:\/\/www.mapaki.at\/es\/2023\/01\/23\/20-jahre-maya-paya-kimsa-und-mapaki-fruehschoppen\/","title":{"rendered":"20 Jahre Maya Paya Kimsa und MaPaKi-Fr\u00fchschoppen"},"content":{"rendered":"\n<p>Am Samstag den 03. Juni 2023 um 20:00 Uhr findet die Feier von 20 Jahre Maya Paya Kimsa im Tuk\/Vonwiller in Haslach im gro\u00dfen Saal statt. Bei einem bunten Benefiz-Abend mit G\u00fcnther Lainer und den Chor-i-Feen blicken wir auf 20 Jahre Initiative f\u00fcr Bolivianische Stra\u00dfenkinder zur\u00fcck. Martin Berndorfer, der Gr\u00fcnder der Initiative und Jannneth Perez die Directora von Maya Paya Kimsa aus Bolivien werden auch anwesend sein und Informationen aus Bolivien darbieten.<\/p>\n\n\n\n<p>Am Sonntag den 04. Juni 2023 ab 09:00 Uhr findet unser traditioneller MaPaKi-Stra\u00dfenfest-Fr\u00fchschoppen mit Speisen und Getr\u00e4nken im Pfarrzentrum in Haslach statt. Um 09:30 wird die Hl. Messe in der Pfarrkirche von MaPaKi und von ABC music gestaltet. Um 11:00 Uhr gibt es eine Zaubershow von BERTAKUS. Au\u00dferdem gibt es ein Kinderprogramm mit H\u00fcpfburg.<\/p>\n\n\n\n<p>Wir freuen uns auf zahlreiche G\u00e4ste und viele Begnungen mit unseren Wegbegleitern der letzten 20 Jahre.<\/p>\n\n\n\n<figure class=\"wp-block-image size-full is-resized\"><img loading=\"lazy\" decoding=\"async\" src=\"https:\/\/www.mapaki.at\/wp-content\/uploads\/2023\/04\/Mapaki20Jahre23_A4.jpg\" alt=\"\" class=\"wp-image-3433\" width=\"810\" height=\"1146\" srcset=\"https:\/\/www.mapaki.at\/wp-content\/uploads\/2023\/04\/Mapaki20Jahre23_A4.jpg 595w, https:\/\/www.mapaki.at\/wp-content\/uploads\/2023\/04\/Mapaki20Jahre23_A4-212x300.jpg 212w\" sizes=\"auto, (max-width: 810px) 100vw, 810px\" \/><\/figure>\n\n\n\n<p><\/p>\n\n\n\n<p><\/p>\n\n\n\n<p><\/p>\n\n\n\n<p>Wir bedanken uns herzlich bei allen Mitwirkenden und Besucher\/innen f\u00fcr den gelungenen bunten Abend, die sch\u00f6n gestaltete Messe und das gem\u00fctliche Stra\u00dfenfest! Ein herzliches Dankesch\u00f6n gilt allen Unterst\u00fctzer\/innen und Spender\/innen!<\/p>\n\n\n\n<figure class=\"wp-block-gallery has-nested-images columns-2 is-cropped wp-block-gallery-1 is-layout-flex wp-block-gallery-is-layout-flex\">\n<figure class=\"wp-block-image size-large\"><img loading=\"lazy\" decoding=\"async\" width=\"1024\" height=\"768\" data-id=\"3440\" src=\"https:\/\/www.mapaki.at\/wp-content\/uploads\/2023\/06\/IMG_1659-1024x768.jpeg\" alt=\"20 Jahre Maya Paya Kimsa\" class=\"wp-image-3440\" srcset=\"https:\/\/www.mapaki.at\/wp-content\/uploads\/2023\/06\/IMG_1659-1024x768.jpeg 1024w, https:\/\/www.mapaki.at\/wp-content\/uploads\/2023\/06\/IMG_1659-300x225.jpeg 300w, https:\/\/www.mapaki.at\/wp-content\/uploads\/2023\/06\/IMG_1659-768x576.jpeg 768w, https:\/\/www.mapaki.at\/wp-content\/uploads\/2023\/06\/IMG_1659-1536x1152.jpeg 1536w, https:\/\/www.mapaki.at\/wp-content\/uploads\/2023\/06\/IMG_1659-2048x1536.jpeg 2048w\" sizes=\"auto, (max-width: 1024px) 100vw, 1024px\" \/><\/figure>\n\n\n\n<figure class=\"wp-block-image size-large\"><img loading=\"lazy\" decoding=\"async\" width=\"1024\" height=\"576\" data-id=\"3439\" src=\"https:\/\/www.mapaki.at\/wp-content\/uploads\/2023\/06\/IMG-20230605-WA0025-1024x576.jpg\" alt=\"\" class=\"wp-image-3439\" srcset=\"https:\/\/www.mapaki.at\/wp-content\/uploads\/2023\/06\/IMG-20230605-WA0025-1024x576.jpg 1024w, https:\/\/www.mapaki.at\/wp-content\/uploads\/2023\/06\/IMG-20230605-WA0025-300x169.jpg 300w, https:\/\/www.mapaki.at\/wp-content\/uploads\/2023\/06\/IMG-20230605-WA0025-768x432.jpg 768w, https:\/\/www.mapaki.at\/wp-content\/uploads\/2023\/06\/IMG-20230605-WA0025-1536x864.jpg 1536w, https:\/\/www.mapaki.at\/wp-content\/uploads\/2023\/06\/IMG-20230605-WA0025.jpg 1600w\" sizes=\"auto, (max-width: 1024px) 100vw, 1024px\" \/><\/figure>\n\n\n\n<figure class=\"wp-block-image size-large\"><img loading=\"lazy\" decoding=\"async\" width=\"1024\" height=\"768\" data-id=\"3441\" src=\"https:\/\/www.mapaki.at\/wp-content\/uploads\/2023\/06\/IMG_1660-1024x768.jpeg\" alt=\"MaPaKi Stra\u00dfenfest\" class=\"wp-image-3441\" srcset=\"https:\/\/www.mapaki.at\/wp-content\/uploads\/2023\/06\/IMG_1660-1024x768.jpeg 1024w, https:\/\/www.mapaki.at\/wp-content\/uploads\/2023\/06\/IMG_1660-300x225.jpeg 300w, https:\/\/www.mapaki.at\/wp-content\/uploads\/2023\/06\/IMG_1660-768x576.jpeg 768w, https:\/\/www.mapaki.at\/wp-content\/uploads\/2023\/06\/IMG_1660-1536x1152.jpeg 1536w, https:\/\/www.mapaki.at\/wp-content\/uploads\/2023\/06\/IMG_1660-2048x1536.jpeg 2048w\" sizes=\"auto, (max-width: 1024px) 100vw, 1024px\" \/><\/figure>\n<\/figure>\n","protected":false},"excerpt":{"rendered":"<p>Am Samstag den 03. Juni 2023 um 20:00 Uhr findet die Feier von 20 Jahre Maya Paya Kimsa im Tuk\/Vonwiller in Haslach im gro\u00dfen Saal statt. Bei einem bunten Benefiz-Abend mit G\u00fcnther Lainer und den Chor-i-Feen blicken wir auf 20 Jahre Initiative f\u00fcr Bolivianische Stra\u00dfenkinder zur\u00fcck. Martin Berndorfer, der Gr\u00fcnder der Initiative und Jannneth Perez [&hellip;]<\/p>\n","protected":false},"author":1,"featured_media":3433,"comment_status":"closed","ping_status":"open","sticky":false,"template":"","format":"standard","meta":{"ngg_post_thumbnail":0,"footnotes":""},"categories":[1],"tags":[],"class_list":["post-3420","post","type-post","status-publish","format-standard","has-post-thumbnail","hentry","category-allgemein"],"translation":{"provider":"WPGlobus","version":"3.0.2","language":"es","enabled_languages":["de","es"],"languages":{"de":{"title":true,"content":true,"excerpt":false},"es":{"title":false,"content":false,"excerpt":false}}},"_links":{"self":[{"href":"https:\/\/www.mapaki.at\/es\/wp-json\/wp\/v2\/posts\/3420","targetHints":{"allow":["GET"]}}],"collection":[{"href":"https:\/\/www.mapaki.at\/es\/wp-json\/wp\/v2\/posts"}],"about":[{"href":"https:\/\/www.mapaki.at\/es\/wp-json\/wp\/v2\/types\/post"}],"author":[{"embeddable":true,"href":"https:\/\/www.mapaki.at\/es\/wp-json\/wp\/v2\/users\/1"}],"replies":[{"embeddable":true,"href":"https:\/\/www.mapaki.at\/es\/wp-json\/wp\/v2\/comments?post=3420"}],"version-history":[{"count":11,"href":"https:\/\/www.mapaki.at\/es\/wp-json\/wp\/v2\/posts\/3420\/revisions"}],"predecessor-version":[{"id":3453,"href":"https:\/\/www.mapaki.at\/es\/wp-json\/wp\/v2\/posts\/3420\/revisions\/3453"}],"wp:featuredmedia":[{"embeddable":true,"href":"https:\/\/www.mapaki.at\/es\/wp-json\/wp\/v2\/media\/3433"}],"wp:attachment":[{"href":"https:\/\/www.mapaki.at\/es\/wp-json\/wp\/v2\/media?parent=3420"}],"wp:term":[{"taxonomy":"category","embeddable":true,"href":"https:\/\/www.mapaki.at\/es\/wp-json\/wp\/v2\/categories?post=3420"},{"taxonomy":"post_tag","embeddable":true,"href":"https:\/\/www.mapaki.at\/es\/wp-json\/wp\/v2\/tags?post=3420"}],"curies":[{"name":"wp","href":"https:\/\/api.w.org\/{rel}","templated":true}]}}